{"id":10665,"date":"2020-07-06T10:49:04","date_gmt":"2020-07-06T10:49:04","guid":{"rendered":"https:\/\/lejardindelaperriere.bzh\/?p=10665"},"modified":"2022-11-30T13:19:50","modified_gmt":"2022-11-30T13:19:50","slug":"porte-ouverte-le-29-aout","status":"publish","type":"post","link":"https:\/\/lejardindelaperriere.bzh\/?p=10665","title":{"rendered":"Porte ouverte le 29 ao\u00fbt"},"content":{"rendered":"<p>Comme tout les \u00e9t\u00e9 depuis quelques ann\u00e9es, la ferme ouvre ses portes \u00e0 toutes et tous. La visite de la ferme mettra en avant pratique les agro \u00e9cologique que nous pratiquons, la s\u00e9lection de semences, la diversit\u00e9 des cultures etc<br>La visite commencera par la p\u00e9pini\u00e8re puis les serres et enfin le plein champs. Nous prendrons le temps de r\u00e9pondre \u00e0 toutes les questions et interrogations.<br>Selon le nombre de personnes, il y aura plusieurs groupes durant l\u2019apr\u00e8s midi, n h\u00e9sitez pas a pr\u00e9voir les chapeaux en cas d \u00e9claircies(probable en Bretagne).<\/p><p>Naturellement le port du masque sera de rigueur.<\/p><p><a href=\"https:\/\/www.facebook.com\/events\/670693393787905\/\">https:\/\/www.facebook.com\/events\/670693393787905\/<\/a><\/p>","protected":false},"excerpt":{"rendered":"<p>Comme tout les \u00e9t\u00e9 depuis quelques ann\u00e9es, la ferme ouvre ses portes \u00e0 toutes et tous. La visite de la ferme mettra en avant pratique les agro \u00e9cologique que nous pratiquons, la s\u00e9lection de semences, la diversit\u00e9 des cultures etcLa visite commencera par la p\u00e9pini\u00e8re puis les serres et enfin le plein champs. Nous prendrons [&hellip;]<\/p>\n","protected":false},"author":1,"featured_media":0,"comment_status":"open","ping_status":"open","sticky":false,"template":"","format":"standard","meta":{"inline_featured_image":false,"jetpack_post_was_ever_published":false,"_jetpack_newsletter_access":"","_jetpack_dont_email_post_to_subs":false,"_jetpack_newsletter_tier_id":0,"_jetpack_memberships_contains_paywalled_content":false,"_jetpack_memberships_contains_paid_content":false,"footnotes":""},"categories":[1],"tags":[],"class_list":["post-10665","post","type-post","status-publish","format-standard","hentry","category-uncategorized"],"jetpack_sharing_enabled":true,"jetpack_featured_media_url":"","_links":{"self":[{"href":"https:\/\/lejardindelaperriere.bzh\/index.php?rest_route=\/wp\/v2\/posts\/10665","targetHints":{"allow":["GET"]}}],"collection":[{"href":"https:\/\/lejardindelaperriere.bzh\/index.php?rest_route=\/wp\/v2\/posts"}],"about":[{"href":"https:\/\/lejardindelaperriere.bzh\/index.php?rest_route=\/wp\/v2\/types\/post"}],"author":[{"embeddable":true,"href":"https:\/\/lejardindelaperriere.bzh\/index.php?rest_route=\/wp\/v2\/users\/1"}],"replies":[{"embeddable":true,"href":"https:\/\/lejardindelaperriere.bzh\/index.php?rest_route=%2Fwp%2Fv2%2Fcomments&post=10665"}],"version-history":[{"count":1,"href":"https:\/\/lejardindelaperriere.bzh\/index.php?rest_route=\/wp\/v2\/posts\/10665\/revisions"}],"predecessor-version":[{"id":10666,"href":"https:\/\/lejardindelaperriere.bzh\/index.php?rest_route=\/wp\/v2\/posts\/10665\/revisions\/10666"}],"wp:attachment":[{"href":"https:\/\/lejardindelaperriere.bzh\/index.php?rest_route=%2Fwp%2Fv2%2Fmedia&parent=10665"}],"wp:term":[{"taxonomy":"category","embeddable":true,"href":"https:\/\/lejardindelaperriere.bzh\/index.php?rest_route=%2Fwp%2Fv2%2Fcategories&post=10665"},{"taxonomy":"post_tag","embeddable":true,"href":"https:\/\/lejardindelaperriere.bzh\/index.php?rest_route=%2Fwp%2Fv2%2Ftags&post=10665"}],"curies":[{"name":"wp","href":"https:\/\/api.w.org\/{rel}","templated":true}]}}